{"id":1240,"date":"2021-04-12T08:20:38","date_gmt":"2021-04-12T13:20:38","guid":{"rendered":"http:\/\/somedyt.com\/?p=1240"},"modified":"2021-04-12T08:21:18","modified_gmt":"2021-04-12T13:21:18","slug":"preguntas-frecuentes","status":"publish","type":"post","link":"https:\/\/somedyt.com\/index.php\/2021\/04\/12\/preguntas-frecuentes\/","title":{"rendered":"Preguntas frecuentes"},"content":{"rendered":"\t\t<div data-elementor-type=\"wp-post\" data-elementor-id=\"1240\" class=\"elementor elementor-1240\">\n\t\t\t\t\t\t<div class=\"elementor-inner\">\n\t\t\t\t<div class=\"elementor-section-wrap\">\n\t\t\t\t\t\t\t\t\t<section class=\"elementor-section elementor-top-section elementor-element elementor-element-73b0cdb elementor-section-boxed elementor-section-height-default elementor-section-height-default\" data-id=\"73b0cdb\" data-element_type=\"section\">\n\t\t\t\t\t\t<div class=\"elementor-container elementor-column-gap-default\">\n\t\t\t\t\t\t\t<div class=\"elementor-row\">\n\t\t\t\t\t<div class=\"elementor-column elementor-col-100 elementor-top-column elementor-element elementor-element-5949edc\" data-id=\"5949edc\" data-element_type=\"column\">\n\t\t\t<div class=\"elementor-column-wrap elementor-element-populated\">\n\t\t\t\t\t\t\t<div class=\"elementor-widget-wrap\">\n\t\t\t\t\t\t<div class=\"elementor-element elementor-element-454212d elementor-widget elementor-widget-text-editor\" data-id=\"454212d\" data-element_type=\"widget\" data-widget_type=\"text-editor.default\">\n\t\t\t\t<div class=\"elementor-widget-container\">\n\t\t\t\t\t\t\t\t<div class=\"elementor-text-editor elementor-clearfix\">\n\t\t\t\t<p class=\"MsoNormal\" style=\"font-size: 16px; font-style: normal; font-weight: 300; margin: 15pt 0cm 7.5pt; background-image: initial; background-position: initial; background-size: initial; background-repeat: initial; background-attachment: initial; background-origin: initial; background-clip: initial; line-height: normal;\"><span style=\"font-weight: bold;\"><span lang=\"ES-CO\" style=\"font-size: 22.5pt; color: #92d050; letter-spacing: 0.1pt;\">1. \u00bfQu\u00e9 es una Asociaci\u00f3n de Usuarios?<\/span><\/span><\/p><p class=\"MsoNormal\" style=\"font-size: 16px; font-style: normal; font-weight: 300; margin-bottom: 7.5pt; background-image: initial; background-position: initial; background-size: initial; background-repeat: initial; background-attachment: initial; background-origin: initial; background-clip: initial; text-align: justify; line-height: normal;\"><span lang=\"ES-CO\" style=\"font-size: 11.5pt; color: #333333; letter-spacing: 0.1pt;\">Son un n\u00famero plural de personas afiliadas tanto al\u00a0r\u00e9gimen Contributivo, Subsidiado y de la poblaci\u00f3n pobre y\u00a0vulnerable (vinculada), que tienen derecho a recibir servicios\u00a0que promuevan su salud y a utilizar los servicios de salud\u00a0de acuerdo a su sistema de afiliaci\u00f3n y los demanden, ellos\u00a0velaran fundamentalmente por la calidad del servicio y la\u00a0defensa de los derechos y deberes de todos los usuarios.<\/span><\/p><p class=\"MsoNormal\" style=\"font-size: 16px; font-style: normal; font-weight: 300; margin: 15pt 0cm 7.5pt; background-image: initial; background-position: initial; background-size: initial; background-repeat: initial; background-attachment: initial; background-origin: initial; background-clip: initial; text-align: justify; line-height: normal;\"><span style=\"font-weight: bold;\"><span lang=\"ES-CO\" style=\"font-size: 22.5pt; color: #92d050; letter-spacing: 0.1pt;\">2. \u00bfQui\u00e9nes pueden pertenecer?<\/span><\/span><\/p><p class=\"MsoNormal\" style=\"font-size: 16px; font-style: normal; font-weight: 300; margin-bottom: 7.5pt; background-image: initial; background-position: initial; background-size: initial; background-repeat: initial; background-attachment: initial; background-origin: initial; background-clip: initial; text-align: justify; line-height: normal;\"><span lang=\"ES-CO\" style=\"font-size: 11.5pt; color: #333333; letter-spacing: 0.1pt;\">Toda la poblaci\u00f3n que este afiliada al SGSSS a trav\u00e9s de los\u00a0reg\u00edmenes Contributivo, Subsidiado y la poblaci\u00f3n pobre no\u00a0asegurada (conocida como vinculada), o sea aquellas\u00a0personas que son atendidas en las ESE con recursos que el\u00a0gobierno les transfiere, los cuales podr\u00e1n pertenecer a la\u00a0Asociaci\u00f3n de Usuarios, de tal manera que se debe\u00a0mantener un libro de registro para dicho procedimiento en<br \/>forma permanente, ya que, este es un espacio abierto, mas\u00a0no cerrado. Se sugiere que todo este procedimiento se haga\u00a0a trav\u00e9s de la oficina del Servicio de Informaci\u00f3n y Atenci\u00f3n\u00a0al Usuario (SIAU) y\/o Servicio de Atenci\u00f3n al Cliente.<\/span><\/p><p class=\"MsoNormal\" style=\"font-size: 16px; font-style: normal; font-weight: 300; margin: 15pt 0cm 7.5pt; background-image: initial; background-position: initial; background-size: initial; background-repeat: initial; background-attachment: initial; background-origin: initial; background-clip: initial; text-align: justify; line-height: normal;\"><span style=\"font-weight: bold;\"><span lang=\"ES-CO\" style=\"font-size: 22.5pt; color: #92d050; letter-spacing: 0.1pt;\">3. \u00bfEn d\u00f3nde deben constituirse?<\/span><\/span><\/p><p class=\"MsoNormal\" style=\"font-size: 16px; font-style: normal; font-weight: 300; margin-bottom: 7.5pt; background-image: initial; background-position: initial; background-size: initial; background-repeat: initial; background-attachment: initial; background-origin: initial; background-clip: initial; line-height: normal;\"><span lang=\"ES-CO\" style=\"font-size: 11.5pt; color: #333333; letter-spacing: 0.1pt;\">En las Empresas Promotoras de Salud (EPS) R\u00e9gimen\u00a0Subsidiado y contributivo.<br \/>En las instituciones Prestadoras de Servicio de Salud (IPS)\u00a0y en las Empresas Sociales del Estado (ESE).Tanto de car\u00e1cter o condici\u00f3n privada, mixta o p\u00fablica.<\/span><\/p><p class=\"MsoNormal\" style=\"font-size: 16px; font-style: normal; font-weight: 300; margin: 15pt 0cm 7.5pt; background-image: initial; background-position: initial; background-size: initial; background-repeat: initial; background-attachment: initial; background-origin: initial; background-clip: initial; text-align: justify; line-height: normal;\"><span style=\"font-weight: bold;\"><span lang=\"ES-CO\" style=\"font-size: 22.5pt; color: #92d050; letter-spacing: 0.1pt;\">4. \u00bfPara qu\u00e9 sirven?<\/span><\/span><\/p><p class=\"MsoNormal\" style=\"font-size: 16px; font-style: normal; font-weight: 300; margin-bottom: 7.5pt; background-image: initial; background-position: initial; background-size: initial; background-repeat: initial; background-attachment: initial; background-origin: initial; background-clip: initial; text-align: justify; line-height: normal;\"><span lang=\"ES-CO\" style=\"font-size: 11.5pt; color: #333333; letter-spacing: 0.1pt;\">En las IPS se conforman para vigilar la prestaci\u00f3n, calidad y\u00a0oportunidad de los servicios de salud, la defensa de los\u00a0derechos y velar por el cumplimiento de los deberes de los\u00a0usuarios.<\/span><\/p><p class=\"MsoNormal\" style=\"font-size: 16px; font-style: normal; font-weight: 300; margin-bottom: 7.5pt; background-image: initial; background-position: initial; background-size: initial; background-repeat: initial; background-attachment: initial; background-origin: initial; background-clip: initial; text-align: justify; line-height: normal;\"><span lang=\"ES-CO\" style=\"font-size: 11.5pt; color: #333333; letter-spacing: 0.1pt;\">En las Aseguradoras (EPS-C, S) se constituyen para velar\u00a0por el cumplimiento de las obligaciones administrativas de\u00a0las entidades y por la prestaci\u00f3n y calidad de los servicios\u00a0que contratan a trav\u00e9s de la red de prestaci\u00f3n de servicios\u00a0de salud.<\/span><\/p><p class=\"MsoNormal\" style=\"font-size: 16px; font-style: normal; font-weight: 300; margin: 15pt 0cm 7.5pt; background-image: initial; background-position: initial; background-size: initial; background-repeat: initial; background-attachment: initial; background-origin: initial; background-clip: initial; text-align: justify; line-height: normal;\"><span style=\"font-weight: bold;\"><span lang=\"ES-CO\" style=\"font-size: 22.5pt; color: #92d050; letter-spacing: 0.1pt;\">5. \u00bfQu\u00e9 es ser Usuario?<\/span><\/span><\/p><p class=\"MsoNormal\" style=\"font-size: 16px; font-style: normal; font-weight: 300; margin-bottom: 7.5pt; background-image: initial; background-position: initial; background-size: initial; background-repeat: initial; background-attachment: initial; background-origin: initial; background-clip: initial; text-align: justify; line-height: normal;\"><span lang=\"ES-CO\" style=\"font-size: 11.5pt; color: #333333; letter-spacing: 0.1pt;\">La calidad de usuario se configura cuando una persona hace\u00a0uso de los servicios de salud en una Instituci\u00f3n Prestadora\u00a0de Servicios de Salud y esto le da el pleno Derecho y Deber\u00a0a hacer parte de la correspondiente Asociaci\u00f3n\/Alianza de\u00a0Usuarios.<\/span><\/p><p class=\"MsoNormal\" style=\"font-size: 16px; font-style: normal; font-weight: 300; margin: 15pt 0cm 7.5pt; background-image: initial; background-position: initial; background-size: initial; background-repeat: initial; background-attachment: initial; background-origin: initial; background-clip: initial; text-align: justify; line-height: normal;\"><span style=\"font-weight: bold;\"><span lang=\"ES-CO\" style=\"font-size: 22.5pt; color: #92d050; letter-spacing: 0.1pt;\">6. \u00bfQu\u00e9 determina ser miembro de una Asociaci\u00f3n\/Alianza de Usuario?,<\/span><\/span><\/p><p class=\"MsoNormal\" style=\"font-size: 16px; font-style: normal; font-weight: 300; margin-bottom: 7.5pt; background-image: initial; background-position: initial; background-size: initial; background-repeat: initial; background-attachment: initial; background-origin: initial; background-clip: initial; text-align: justify; line-height: normal;\"><span lang=\"ES-CO\" style=\"font-size: 11.5pt; color: #333333; letter-spacing: 0.1pt;\">Es todo o toda usuaria que reuniendo las condiciones de\u00a0usuario anotadas anteriormente est\u00e1 inscrito en el Libro\u00a0de Registro de la Asociaci\u00f3n, y trabaja conjuntamente con\u00a0los dem\u00e1s integrantes de manera permanente en\u00a0cumplimiento de sus funciones legales y acoge y acata la\u00a0din\u00e1mica organizacional propuesta por la Asociaci\u00f3n de\u00a0Usuarios, cuyo reglamento es el resultado de acuerdos\u00a0cons\u00e9nsuales entre los integrantes de la organizaci\u00f3n de\u00a0usuarios y est\u00e1 legalmente reconocida.<\/span><\/p><p class=\"MsoNormal\" style=\"font-size: 16px; font-style: normal; font-weight: 300; margin: 15pt 0cm 7.5pt; background-image: initial; background-position: initial; background-size: initial; background-repeat: initial; background-attachment: initial; background-origin: initial; background-clip: initial; text-align: justify; line-height: normal;\"><span style=\"font-weight: bold;\"><span lang=\"ES-CO\" style=\"font-size: 22.5pt; color: #92d050; letter-spacing: 0.1pt;\">7. \u00bfQu\u00e9 soporta la legalidad de una Asociaci\u00f3n de usuarios?<\/span><\/span><\/p><p class=\"MsoNormal\" style=\"font-size: 16px; font-style: normal; font-weight: 300; margin-bottom: 7.5pt; background-image: initial; background-position: initial; background-size: initial; background-repeat: initial; background-attachment: initial; background-origin: initial; background-clip: initial; text-align: justify; line-height: normal;\"><span lang=\"ES-CO\" style=\"font-size: 11.5pt; color: #333333; letter-spacing: 0.1pt;\">La legalidad de la asociaci\u00f3n o alianza de usuarios, la da el\u00a0acta de la asamblea de conformaci\u00f3n; no obstante, si esto lo\u00a0desean, pueden obtener personer\u00eda jur\u00eddica; pero, las\u00a0autoridades territoriales de salud, no pueden exigirles\u00a0personer\u00eda jur\u00eddica para tenerlas como validas<\/span><\/p><p class=\"MsoNormal\" style=\"font-size: 16px; font-style: normal; font-weight: 300; margin: 15pt 0cm 7.5pt; background-image: initial; background-position: initial; background-size: initial; background-repeat: initial; background-attachment: initial; background-origin: initial; background-clip: initial; text-align: justify; line-height: normal;\"><span style=\"font-weight: bold;\"><span lang=\"ES-CO\" style=\"font-size: 22.5pt; color: #92d050; letter-spacing: 0.1pt;\">8. \u00bfSi opta por la Personer\u00eda Jur\u00eddica, donde la debe tramitar?<\/span><\/span><\/p><p class=\"MsoNormal\" style=\"font-size: 16px; font-style: normal; font-weight: 300; margin-bottom: 7.5pt; background-image: initial; background-position: initial; background-size: initial; background-repeat: initial; background-attachment: initial; background-origin: initial; background-clip: initial; text-align: justify; line-height: normal;\"><span lang=\"ES-CO\" style=\"font-size: 11.5pt; color: #333333; letter-spacing: 0.1pt;\">Ante la C\u00e1mara de Comercio, debe tramitar y registrar su\u00a0correspondiente Personer\u00eda Jur\u00eddica.<\/span><\/p><p class=\"MsoNormal\" style=\"font-size: 16px; font-style: normal; font-weight: 300; margin: 15pt 0cm 7.5pt; background-image: initial; background-position: initial; background-size: initial; background-repeat: initial; background-attachment: initial; background-origin: initial; background-clip: initial; text-align: justify; line-height: normal;\"><span style=\"font-weight: bold;\"><span lang=\"ES-CO\" style=\"font-size: 22.5pt; color: #92d050; letter-spacing: 0.1pt;\">9. \u00bfCu\u00e1l es la normatividad que rige a las Asociaciones de Usuarios?<\/span><\/span><\/p><p class=\"MsoNormal\" style=\"font-size: 16px; font-style: normal; font-weight: 300; margin-bottom: 7.5pt; background-image: initial; background-position: initial; background-size: initial; background-repeat: initial; background-attachment: initial; background-origin: initial; background-clip: initial; text-align: justify; line-height: normal;\"><span lang=\"ES-CO\" style=\"font-size: 11.5pt; color: #333333; letter-spacing: 0.1pt;\">Las Asociaciones de usuarios est\u00e1n regidas por el Decreto 1757 de 1994\u00a0y la Circular Externa 047 de 2007 de Supersalud.<\/span><\/p><p class=\"MsoNormal\" style=\"font-size: 16px; font-style: normal; font-weight: 300; margin: 15pt 0cm 7.5pt; background-image: initial; background-position: initial; background-size: initial; background-repeat: initial; background-attachment: initial; background-origin: initial; background-clip: initial; text-align: justify; line-height: normal;\"><span style=\"font-weight: bold;\"><span lang=\"ES-CO\" style=\"font-size: 22.5pt; color: #92d050; letter-spacing: 0.1pt;\">Insisto, \u00bfEn la convocatoria para elegir a los delegados de la Asociaci\u00f3n de usuarios se debe aplicar lo establecido en el Decreto 1757 de 1994 invitando a los usuarios demandantes de los servicios de salud en la ESE durante el \u00faltimo a\u00f1o?<\/span><\/span><\/p><p class=\"MsoNormal\" style=\"font-size: 16px; font-style: normal; font-weight: 300; margin-bottom: 7.5pt; background-image: initial; background-position: initial; background-size: initial; background-repeat: initial; background-attachment: initial; background-origin: initial; background-clip: initial; text-align: justify; line-height: normal;\"><span lang=\"ES-CO\" style=\"font-size: 11.5pt; color: #333333; letter-spacing: 0.1pt;\">No, pues este mecanismo es inicial o sea para\u00a0constituirla, o sea para el momento de su fundaci\u00f3n,\u00a0pues en esta etapa los usuarios se organizan en una\u00a0Asociaci\u00f3n o Alianza de usuarios, es decir, no es una\u00a0constante, de tal manera que, ya constituida solo se\u00a0convoca a los integrantes o asociados de esta\u00a0organizaci\u00f3n para que entre ellos elijan a sus\u00a0delegados ante las distintas instancias que tienen\u00a0representaci\u00f3n: Comit\u00e9 de \u00c9tica Hospitalaria, Comit\u00e9\u00a0de Participaci\u00f3n Comunitaria, Junta Directiva de la\u00a0ESE, Consejo Territorial de Seguridad Social en Salud\u00a0y ejercer veedur\u00eda en las instituciones del sector,\u00a0entonces debe ser entre sus asociados\/integrantes y<br \/>no entre todos los usuarios pues ya hubo una\u00a0convocatoria inicial a los usuarios en general.<\/span><\/p><p class=\"MsoNormal\" style=\"font-size: 16px; font-style: normal; font-weight: 300; margin: 15pt 0cm 7.5pt; background-image: initial; background-position: initial; background-size: initial; background-repeat: initial; background-attachment: initial; background-origin: initial; background-clip: initial; text-align: justify; line-height: normal;\"><span style=\"font-weight: bold;\"><span lang=\"ES-CO\" style=\"font-size: 22.5pt; color: #92d050; letter-spacing: 0.1pt;\">\u00bfC\u00f3mo debe ser su organizaci\u00f3n y funcionamiento interno?<\/span><\/span><\/p><p class=\"MsoNormal\" style=\"font-size: 16px; font-style: normal; font-weight: 300; margin-bottom: 7.5pt; background-image: initial; background-position: initial; background-size: initial; background-repeat: initial; background-attachment: initial; background-origin: initial; background-clip: initial; text-align: justify; line-height: normal;\"><span lang=\"ES-CO\" style=\"font-size: 11.5pt; color: #333333; letter-spacing: 0.1pt;\">Democr\u00e1tico: \u00ab\u2026La estructura interna y el funcionamiento de\u00a0los sindicatos y organizaciones sociales y gremiales se\u00a0sujetar\u00e1n al orden legal y a los principios democr\u00e1ticos\u201d.<\/span><\/p><p class=\"MsoNormal\" style=\"font-size: 16px; font-style: normal; font-weight: 300; margin-bottom: 7.5pt; background-image: initial; background-position: initial; background-size: initial; background-repeat: initial; background-attachment: initial; background-origin: initial; background-clip: initial; text-align: justify; line-height: normal;\"><span lang=\"ES-CO\" style=\"font-size: 11.5pt; color: #333333; letter-spacing: 0.1pt;\">\u00ab\u2026. Para gozar de este derecho las organizaciones deben\u00a0ser representativas y observar procedimientos democr\u00e1ticos\u00a0internos\u00bb.<\/span><\/p><p class=\"MsoNormal\" style=\"font-size: 16px; font-style: normal; font-weight: 300; margin: 15pt 0cm 7.5pt; background-image: initial; background-position: initial; background-size: initial; background-repeat: initial; background-attachment: initial; background-origin: initial; background-clip: initial; text-align: justify; line-height: normal;\"><span style=\"font-weight: bold;\"><span lang=\"ES-CO\" style=\"font-size: 22.5pt; color: #92d050; letter-spacing: 0.1pt;\">\u00bfCu\u00e1l es el objetivo del reglamento interno de trabajo y\/o Estatuto Social?<\/span><\/span><\/p><p class=\"MsoNormal\" style=\"font-size: 16px; font-style: normal; font-weight: 300; margin-bottom: 7.5pt; background-image: initial; background-position: initial; background-size: initial; background-repeat: initial; background-attachment: initial; background-origin: initial; background-clip: initial; text-align: justify; line-height: normal;\"><span lang=\"ES-CO\" style=\"font-size: 11.5pt; color: #333333; letter-spacing: 0.1pt;\">Poner en manos de la organizaci\u00f3n una herramienta pr\u00e1ctica\u00a0que facilite un desempe\u00f1o m\u00e1s claro, \u00e1gil y eficaz de quienes\u00a0hacen parte de ella, desde sus afiliados hasta los diferentes\u00a0dignatarios y los residentes del \u00e1rea de su jurisdicci\u00f3n, que\u00a0ayuden a la interpretaci\u00f3n y comprensi\u00f3n de la normatividad\u00a0contemplada en la legislaci\u00f3n c\u00edvico\/comunal vigente y en los\u00a0estatutos.<\/span><\/p><p class=\"MsoNormal\" style=\"font-size: 16px; font-style: normal; font-weight: 300; margin: 15pt 0cm 7.5pt; background-image: initial; background-position: initial; background-size: initial; background-repeat: initial; background-attachment: initial; background-origin: initial; background-clip: initial; text-align: justify; line-height: normal;\"><span style=\"font-weight: bold;\"><span lang=\"ES-CO\" style=\"font-size: 22.5pt; color: #92d050; letter-spacing: 0.1pt;\">\u00bfCu\u00e1l es el rol o participaci\u00f3n de la Asociaci\u00f3n de usuarios en el proceso de elecci\u00f3n de su representante ante la JD-ESE?<\/span><\/span><\/p><p class=\"MsoNormal\" style=\"font-size: 16px; font-style: normal; font-weight: 300; margin-bottom: 7.5pt; background-image: initial; background-position: initial; background-size: initial; background-repeat: initial; background-attachment: initial; background-origin: initial; background-clip: initial; text-align: justify; line-height: normal;\"><span lang=\"ES-CO\" style=\"font-size: 11.5pt; color: #333333; letter-spacing: 0.1pt;\">Le corresponde su designaci\u00f3n a las Alianzas o\u00a0Asociaciones de Usuarios legalmente establecidas,\u00a0mediante convocatoria que debe adelantar la Direcci\u00f3n\u00a0de Salud; por consiguiente, el proceso de elecci\u00f3n de\u00a0estos representantes le corresponde en su totalidad a<br \/>las Alianzas y Asociaciones de Usuarios, a excepci\u00f3n\u00a0de la convocatoria.<\/span><\/p><p class=\"MsoNormal\" style=\"font-size: 16px; font-style: normal; font-weight: 300; margin: 15pt 0cm 7.5pt; background-image: initial; background-position: initial; background-size: initial; background-repeat: initial; background-attachment: initial; background-origin: initial; background-clip: initial; text-align: justify; line-height: normal;\"><span style=\"font-weight: bold;\"><span lang=\"ES-CO\" style=\"font-size: 22.5pt; color: #92d050; letter-spacing: 0.1pt;\">\u00bfCu\u00e1les es el periodo exactamente para el representante de los usuarios ante la JD-ESE de Primer Nivel de Atenci\u00f3n ubicada en los municipios de diferente Categor\u00eda a la Sexta?<\/span><\/span><\/p><p class=\"MsoNormal\" style=\"font-size: 16px; font-style: normal; font-weight: 300; margin-bottom: 7.5pt; background-image: initial; background-position: initial; background-size: initial; background-repeat: initial; background-attachment: initial; background-origin: initial; background-clip: initial; text-align: justify; line-height: normal;\"><span lang=\"ES-CO\" style=\"font-size: 11.5pt; color: #333333; letter-spacing: 0.1pt;\">Es de dos (2) a\u00f1os.<\/span><\/p><p class=\"MsoNormal\" style=\"font-size: 16px; font-style: normal; font-weight: 300; margin: 15pt 0cm 7.5pt; background-image: initial; background-position: initial; background-size: initial; background-repeat: initial; background-attachment: initial; background-origin: initial; background-clip: initial; text-align: justify; line-height: normal;\"><span style=\"font-weight: bold;\"><span lang=\"ES-CO\" style=\"font-size: 22.5pt; color: #92d050; letter-spacing: 0.1pt;\">\u00bfCu\u00e1les es el periodo exactamente para el representante de los usuarios ante la JD-ESE de Primer Nivel de Atenci\u00f3n ubicada en un municipio de Sexta Categor\u00eda?<\/span><\/span><\/p><p class=\"MsoNormal\" style=\"font-size: 16px; font-style: normal; font-weight: 300; margin-bottom: 7.5pt; background-image: initial; background-position: initial; background-size: initial; background-repeat: initial; background-attachment: initial; background-origin: initial; background-clip: initial; text-align: justify; line-height: normal;\"><span lang=\"ES-CO\" style=\"font-size: 11.5pt; color: #333333; letter-spacing: 0.1pt;\">Es de cuatro (4) a\u00f1os.<\/span><\/p><p class=\"MsoNormal\" style=\"font-size: 16px; font-style: normal; font-weight: 300; margin: 15pt 0cm 7.5pt; background-image: initial; background-position: initial; background-size: initial; background-repeat: initial; background-attachment: initial; background-origin: initial; background-clip: initial; text-align: justify; line-height: normal;\"><span style=\"font-weight: bold;\"><span lang=\"ES-CO\" style=\"font-size: 22.5pt; color: #92d050; letter-spacing: 0.1pt;\">\u00bfCu\u00e1les son los prop\u00f3sitos de un reglamento interno de trabajo y\/o Estatuto Social?<\/span><\/span><\/p><ul style=\"font-size: 16px; font-style: normal; font-weight: 300;\" type=\"disc\"><li class=\"MsoNormal\" style=\"font-size: 16px; color: #333333; text-align: justify; line-height: normal; background-image: initial; background-position: initial; background-size: initial; background-repeat: initial; background-attachment: initial; background-origin: initial; background-clip: initial;\"><span lang=\"ES-CO\" style=\"font-size: 11.5pt; letter-spacing: 0.1pt;\">Trazar y definir pautas que conlleven al manejo\u00a0adecuado de los recursos que tiene y maneja la\u00a0organizaci\u00f3n.<\/span><\/li><li class=\"MsoNormal\" style=\"font-size: 16px; color: #333333; text-align: justify; line-height: normal; background-image: initial; background-position: initial; background-size: initial; background-repeat: initial; background-attachment: initial; background-origin: initial; background-clip: initial;\"><span lang=\"ES-CO\" style=\"font-size: 11.5pt; letter-spacing: 0.1pt;\">Fijar reglas claras para el desempe\u00f1o de quienes\u00a0integran los distintos \u00f3rganos internos de la\u00a0organizaci\u00f3n.<\/span><\/li><li class=\"MsoNormal\" style=\"font-size: 16px; color: #333333; text-align: justify; line-height: normal; background-image: initial; background-position: initial; background-size: initial; background-repeat: initial; background-attachment: initial; background-origin: initial; background-clip: initial;\"><span lang=\"ES-CO\" style=\"font-size: 11.5pt; letter-spacing: 0.1pt;\">Definir los procedimientos administrativos para el\u00a0funcionamiento interno de la organizaci\u00f3n.<\/span><\/li><li class=\"MsoNormal\" style=\"font-size: 16px; color: #333333; text-align: justify; line-height: normal; background-image: initial; background-position: initial; background-size: initial; background-repeat: initial; background-attachment: initial; background-origin: initial; background-clip: initial;\"><span lang=\"ES-CO\" style=\"font-size: 11.5pt; letter-spacing: 0.1pt;\">Definir normas disciplinarias que orienten el\u00a0correcto desempe\u00f1o de los afiliados.<\/span><\/li><li class=\"MsoNormal\" style=\"font-size: 16px; color: #333333; text-align: justify; line-height: normal; background-image: initial; background-position: initial; background-size: initial; background-repeat: initial; background-attachment: initial; background-origin: initial; background-clip: initial;\"><span lang=\"ES-CO\" style=\"font-size: 11.5pt; letter-spacing: 0.1pt;\">Garantizar el buen funcionamiento y el desarrollo de\u00a0las reuniones de los distintos \u00f3rganos<\/span><\/li><\/ul><p class=\"MsoNormal\" style=\"font-size: 16px; font-style: normal; font-weight: 300; margin: 15pt 0cm 7.5pt; background-image: initial; background-position: initial; background-size: initial; background-repeat: initial; background-attachment: initial; background-origin: initial; background-clip: initial; text-align: justify; line-height: normal;\"><span style=\"font-weight: bold;\"><span lang=\"ES-CO\" style=\"font-size: 22.5pt; color: #92d050; letter-spacing: 0.1pt;\">\u00bfEn la convocatoria para elegir a los delegados de la Asociaci\u00f3n de usuarios se debe aplicar lo establecido en el Decreto 1757 de 1994 invitando a los usuarios demandantes de los servicios de salud en la ESE durante el \u00faltimo a\u00f1o?<\/span><\/span><\/p><p class=\"MsoNormal\" style=\"font-size: 16px; font-style: normal; font-weight: 300; margin-bottom: 7.5pt; background-image: initial; background-position: initial; background-size: initial; background-repeat: initial; background-attachment: initial; background-origin: initial; background-clip: initial; text-align: justify; line-height: normal;\"><span lang=\"ES-CO\" style=\"font-size: 11.5pt; color: #333333; letter-spacing: 0.1pt;\">No, pues este mecanismo es inicial o sea para\u00a0constituirla, en esta etapa los usuarios se organizan en\u00a0una Asociaci\u00f3n o Alianza de usuarios, es decir, no es\u00a0una constante, de tal manera que, ya constituida solo\u00a0se convoca a los integrantes o asociados de esta\u00a0organizaci\u00f3n para que entre ellos elijan a sus\u00a0delegados ante las distintas instancias que tienen\u00a0representaci\u00f3n: Comit\u00e9 de \u00c9tica Hospitalaria, Comit\u00e9\u00a0de Participaci\u00f3n Comunitaria, Junta Directiva de la\u00a0ESE, Consejo Territorial de Seguridad Social en Salud\u00a0y ejercer veedur\u00eda en las instituciones del sector,\u00a0entonces debe ser entre sus asociados\/integrantes y\u00a0no entre todos los usuarios pues ya hubo una\u00a0convocatoria inicial a los usuarios en general.<\/span><\/p><p class=\"MsoNormal\" style=\"font-size: 16px; font-style: normal; font-weight: 300; margin: 15pt 0cm 7.5pt; background-image: initial; background-position: initial; background-size: initial; background-repeat: initial; background-attachment: initial; background-origin: initial; background-clip: initial; text-align: justify; line-height: normal;\"><span style=\"font-weight: bold;\"><span lang=\"ES-CO\" style=\"font-size: 22.5pt; color: #92d050; letter-spacing: 0.1pt;\">\u00bfEs viable legalmente y pueden coexistir varias asociaciones de usuarios en una misma EPS o IPS?<\/span><\/span><\/p><p class=\"MsoNormal\" style=\"font-size: 16px; font-style: normal; font-weight: 300; margin-bottom: 7.5pt; background-image: initial; background-position: initial; background-size: initial; background-repeat: initial; background-attachment: initial; background-origin: initial; background-clip: initial; text-align: justify; line-height: normal;\"><span lang=\"ES-CO\" style=\"font-size: 11.5pt; color: #333333; letter-spacing: 0.1pt;\">No se encuentra disposici\u00f3n alguna que restringa la\u00a0organizaci\u00f3n de las alianzas o asociaciones de\u00a0usuarios a un n\u00famero determinado, por tal raz\u00f3n se\u00a0considera que en una misma EPS, e IPS pueden\u00a0coexistir varias asociaciones o alianzas de usuarios,\u00a0sea que estas se organicen por enfermedad o por\u00a0cualquier otra circunstancia, ya que ese n\u00famero plural\u00a0de asociaciones a alianzas no estar\u00eda afectando el\u00a0ejercicio de las funciones que \u00e9stas tienen asignadas.<\/span><\/p><p class=\"MsoNormal\" style=\"font-size: 16px; font-style: normal; font-weight: 300; margin: 15pt 0cm 7.5pt; background-image: initial; background-position: initial; background-size: initial; background-repeat: initial; background-attachment: initial; background-origin: initial; background-clip: initial; text-align: justify; line-height: normal;\"><span style=\"font-weight: bold;\"><span lang=\"ES-CO\" style=\"font-size: 22.5pt; color: #92d050; letter-spacing: 0.1pt;\">\u00bfExiste alg\u00fan requisito para ser miembro de una JD-ESE en representaci\u00f3n de la Asociaci\u00f3n de usuarios?<\/span><\/span><\/p><p class=\"MsoNormal\" style=\"font-size: 16px; font-style: normal; font-weight: 300; margin-bottom: 7.5pt; background-image: initial; background-position: initial; background-size: initial; background-repeat: initial; background-attachment: initial; background-origin: initial; background-clip: initial; text-align: justify; line-height: normal;\"><span lang=\"ES-CO\" style=\"font-size: 11.5pt; color: #333333; letter-spacing: 0.1pt;\">Si, \u2013 estar vinculados y cumplir funciones espec\u00edficas de salud\u00a0en un Comit\u00e9 de Usuarios de servicios de salud; acreditar\u00a0una experiencia de trabajo no inferior un a\u00f1o en un Comit\u00e9\u00a0de Usuarios.<\/span><\/p><p class=\"MsoNormal\" style=\"font-size: 16px; font-style: normal; font-weight: 300; margin-bottom: 7.5pt; background-image: initial; background-position: initial; background-size: initial; background-repeat: initial; background-attachment: initial; background-origin: initial; background-clip: initial; text-align: justify; line-height: normal;\"><span lang=\"ES-CO\" style=\"font-size: 11.5pt; color: #333333; letter-spacing: 0.1pt;\">\u2013 No hallarse incursos en ninguna de las inhabilidades e\u00a0incompatibilidades contempladas en la Ley.<\/span><\/p><p class=\"MsoNormal\" style=\"font-size: 16px; font-style: normal; font-weight: 300; margin: 15pt 0cm 7.5pt; background-image: initial; background-position: initial; background-size: initial; background-repeat: initial; background-attachment: initial; background-origin: initial; background-clip: initial; text-align: justify; line-height: normal;\"><span style=\"font-weight: bold;\"><span lang=\"ES-CO\" style=\"font-size: 22.5pt; color: #92d050; letter-spacing: 0.1pt;\">\u00bfExiste un n\u00famero m\u00ednimo o representativo para participar en una asamblea de elecci\u00f3n del representante de la Asociaci\u00f3n de usuarios ante la JD-ESE?<\/span><\/span><\/p><p class=\"MsoNormal\" style=\"font-size: 16px; font-style: normal; font-weight: 300; margin-bottom: 7.5pt; background-image: initial; background-position: initial; background-size: initial; background-repeat: initial; background-attachment: initial; background-origin: initial; background-clip: initial; text-align: justify; line-height: normal;\"><span lang=\"ES-CO\" style=\"font-size: 11.5pt; color: #333333; letter-spacing: 0.1pt;\">\u201c\u2026 no existe ninguna disposici\u00f3n a nivel de ley o decreto que\u00a0establezca taxativamente un n\u00famero m\u00ednimo de usuarios\u00a0inscritos como requisito para el proceso de elecci\u00f3n del\u00a0representante de los usuarios ante la JD-ESE.<\/span><\/p><p class=\"MsoNormal\" style=\"font-size: 16px; font-style: normal; font-weight: 300; margin: 15pt 0cm 7.5pt; background-image: initial; background-position: initial; background-size: initial; background-repeat: initial; background-attachment: initial; background-origin: initial; background-clip: initial; text-align: justify; line-height: normal;\"><span style=\"font-weight: bold;\"><span lang=\"ES-CO\" style=\"font-size: 22.5pt; color: #92d050; letter-spacing: 0.1pt;\">\u00bfLas Asociaciones de Usuarios por cu\u00e1nto tiempo se constituyen?<\/span><\/span><\/p><p class=\"MsoNormal\" style=\"font-size: 16px; font-style: normal; font-weight: 300; margin-bottom: 7.5pt; background-image: initial; background-position: initial; background-size: initial; background-repeat: initial; background-attachment: initial; background-origin: initial; background-clip: initial; text-align: justify; line-height: normal;\"><span lang=\"ES-CO\" style=\"font-size: 11.5pt; color: #333333; letter-spacing: 0.1pt;\">Este organismo de participaci\u00f3n ciudadana, podr\u00e1 funcionar\u00a0indefinidamente, no siendo necesaria su renovaci\u00f3n\u00a0posterior o en el futuro constituir una nueva asociaci\u00f3n de\u00a0usuarios.<\/span><\/p><p class=\"MsoNormal\" style=\"font-size: 16px; font-style: normal; font-weight: 300; margin: 15pt 0cm 7.5pt; background-image: initial; background-position: initial; background-size: initial; background-repeat: initial; background-attachment: initial; background-origin: initial; background-clip: initial; text-align: justify; line-height: normal;\"><span style=\"font-weight: bold;\"><span lang=\"ES-CO\" style=\"font-size: 22.5pt; color: #92d050; letter-spacing: 0.1pt;\">\u00bfLas Asociaciones o Alianzas de Usuarios son organizaciones civiles o gubernamentales?<\/span><\/span><\/p><p class=\"MsoNormal\" style=\"font-size: 16px; font-style: normal; font-weight: 300; margin-bottom: 7.5pt; background-image: initial; background-position: initial; background-size: initial; background-repeat: initial; background-attachment: initial; background-origin: initial; background-clip: initial; text-align: justify; line-height: normal;\"><span lang=\"ES-CO\" style=\"font-size: 11.5pt; color: #333333; letter-spacing: 0.1pt;\">\u201c\u2026ni el Decreto 1757 de 1994 ni ninguna otra\u00a0disposici\u00f3n normativa ha determinado de forma\u00a0taxativa si las alianzas o asociaciones de usuarios\u00a0tienen un car\u00e1cter civil o son una organizaci\u00f3n\u00a0gubernamental, no obstante y desde el punto de vista\u00a0conceptual, consideramos que dichas organizaciones\u00a0tienen un car\u00e1cter civil, toda vez que las mismas no\u00a0han sido creadas como entes del estado o\u00a0gubernamentales de forma que se les pudiera aplicar\u00a0las normas administrativas que regulan la actividad de\u00a0las entidades p\u00fablicas\u201d.<\/span><\/p><p class=\"MsoNormal\" style=\"font-size: 16px; font-style: normal; font-weight: 300; margin: 15pt 0cm 7.5pt; background-image: initial; background-position: initial; background-size: initial; background-repeat: initial; background-attachment: initial; background-origin: initial; background-clip: initial; text-align: justify; line-height: normal;\"><span style=\"font-weight: bold;\"><span lang=\"ES-CO\" style=\"font-size: 22.5pt; color: #92d050; letter-spacing: 0.1pt;\">\u00bfPuede el representante de la Asociaci\u00f3n de usuario ante las ESE de Nivel I en municipio de Sexta Categor\u00eda ser reelegido?<\/span><\/span><\/p><p class=\"MsoNormal\" style=\"font-size: 16px; font-style: normal; font-weight: 300; margin-bottom: 7.5pt; background-image: initial; background-position: initial; background-size: initial; background-repeat: initial; background-attachment: initial; background-origin: initial; background-clip: initial; text-align: justify; line-height: normal;\"><span lang=\"ES-CO\" style=\"font-size: 11.5pt; color: #333333; letter-spacing: 0.1pt;\">Si, pero no podr\u00e1n ser reelegidos para periodos\u00a0consecutivos, ni podr\u00e1n ser parte de las Juntas Directivas de\u00a0las Empresas Sociales del Estado en m\u00e1s de dos ocasiones.<\/span><\/p><p class=\"MsoNormal\" style=\"font-size: 16px; font-style: normal; font-weight: 300; margin: 15pt 0cm 7.5pt; background-image: initial; background-position: initial; background-size: initial; background-repeat: initial; background-attachment: initial; background-origin: initial; background-clip: initial; text-align: justify; line-height: normal;\"><span style=\"font-weight: bold;\"><span lang=\"ES-CO\" style=\"font-size: 22.5pt; color: #92d050; letter-spacing: 0.1pt;\">\u00bfPuede representante de la Asociaci\u00f3n de\u00a0 usuario ante las ESE de Nivel II y III de Atenci\u00f3n ser reelegido?<\/span><\/span><\/p><p class=\"MsoNormal\" style=\"font-size: 16px; font-style: normal; font-weight: 300; margin-bottom: 7.5pt; background-image: initial; background-position: initial; background-size: initial; background-repeat: initial; background-attachment: initial; background-origin: initial; background-clip: initial; text-align: justify; line-height: normal;\"><span lang=\"ES-CO\" style=\"font-size: 11.5pt; color: #333333; letter-spacing: 0.1pt;\">No puede ser reelegido ante la misma, toda vez que la figura\u00a0de reelecci\u00f3n no fue establecida en el Decreto 1757 de 1994\u00a0en el sentido de permitir que una misma persona tenga la\u00a0representaci\u00f3n de las alianzas o asociaciones por un periodo\u00a0superior a dos (2) a\u00f1os.<\/span><\/p><p class=\"MsoNormal\" style=\"font-size: 16px; font-style: normal; font-weight: 300; margin: 15pt 0cm 7.5pt; background-image: initial; background-position: initial; background-size: initial; background-repeat: initial; background-attachment: initial; background-origin: initial; background-clip: initial; text-align: justify; line-height: normal;\"><span style=\"font-size: 16px; color: #00ff00;\"><span style=\"font-weight: bold;\"><span lang=\"ES-CO\" style=\"font-size: 22.5pt; letter-spacing: 0.1pt;\">\u00bfQu\u00e9 es reglamento Interno de trabajo y\/o Estatuto Social?<\/span><\/span><\/span><\/p><p class=\"MsoNormal\" style=\"font-size: 16px; font-style: normal; font-weight: 300; margin-bottom: 7.5pt; background-image: initial; background-position: initial; background-size: initial; background-repeat: initial; background-attachment: initial; background-origin: initial; background-clip: initial; text-align: justify; line-height: normal;\"><span lang=\"ES-CO\" style=\"font-size: 11.5pt; color: #333333; letter-spacing: 0.1pt;\">Todo entidad c\u00edvica\/comunal que pretenda garantizar la\u00a0funcionalidad y eficiencia para el cumplimiento de sus\u00a0objetivos, debe actuar y mantenerse dentro de un marco que\u00a0no supere lo legal, sin ignorar lo pr\u00e1ctico, debe definir un\u00a0conjunto de pautas o criterios que propicien un \u00f3ptimo\u00a0funcionamiento al interior de la organizaci\u00f3n y al rol y\u00a0procedimientos que deban asumir y cumplir sus integrantes;\u00a0este debe ser aprobado (Reglamento Interno) desde el inicio\u00a0de sus actividades y para el tr\u00e1mite de la personer\u00eda jur\u00eddica.<\/span><\/p><p class=\"MsoNormal\" style=\"font-size: 16px; font-style: normal; font-weight: 300; margin: 15pt 0cm 7.5pt; background-image: initial; background-position: initial; background-size: initial; background-repeat: initial; background-attachment: initial; background-origin: initial; background-clip: initial; text-align: justify; line-height: normal;\"><span style=\"font-size: 16px; color: #00ff00;\"><span style=\"font-weight: bold;\"><span lang=\"ES-CO\" style=\"font-size: 22.5pt; letter-spacing: 0.1pt;\">\u00bfQui\u00e9n convoca a las Asociaciones de Usuarios para que elijan a su representante ante la JD-ESE?<\/span><\/span><\/span><\/p><p class=\"MsoNormal\" style=\"font-size: 16px; font-style: normal; font-weight: 300; margin-bottom: 7.5pt; background-image: initial; background-position: initial; background-size: initial; background-repeat: initial; background-attachment: initial; background-origin: initial; background-clip: initial; text-align: justify; line-height: normal;\"><span lang=\"ES-CO\" style=\"font-size: 11.5pt; color: #333333; letter-spacing: 0.1pt;\">La direcci\u00f3n de salud departamental, distrital o municipal, o\u00a0el organismo que haga sus veces, convoca a las\u00a0asociaciones de usuarios legalmente establecidas, previa\u00a0convocatoria por parte de podr\u00e1n elegir a uno de los suyos\u00a0como sus representantes para que integre la JD-ESE, sin\u00a0restricci\u00f3n para el elegido sea el presidente de la asociaci\u00f3n\u00a0de usuarios, siempre y cuando sea elegido por la asamblea.<\/span><\/p><p class=\"MsoNormal\" style=\"font-size: 16px; font-style: normal; font-weight: 300; margin: 15pt 0cm 7.5pt; background-image: initial; background-position: initial; background-size: initial; background-repeat: initial; background-attachment: initial; background-origin: initial; background-clip: initial; text-align: justify; line-height: normal;\"><span style=\"font-size: 16px; color: #00ff00;\"><span style=\"font-weight: bold;\"><span lang=\"ES-CO\" style=\"font-size: 22.5pt; letter-spacing: 0.1pt;\">\u00bfQui\u00e9nes participan en la Asamblea de una la Asociaci\u00f3n de usuarios?<\/span><\/span><\/span><\/p><p class=\"MsoNormal\" style=\"font-size: 16px; font-style: normal; font-weight: 300; margin-bottom: 7.5pt; background-image: initial; background-position: initial; background-size: initial; background-repeat: initial; background-attachment: initial; background-origin: initial; background-clip: initial; text-align: justify; line-height: normal;\"><span lang=\"ES-CO\" style=\"font-size: 11.5pt; color: #333333; letter-spacing: 0.1pt;\">Los asociados o integrantes de la Asociaci\u00f3n de Usuarios,\u00a0tanto los que aparecen en el Acta de constituci\u00f3n o\u00a0fundaci\u00f3n y los que est\u00e1n registrados en el Libro de\u00a0inscripci\u00f3n.<\/span><\/p><p class=\"MsoNormal\" style=\"font-size: 16px; font-style: normal; font-weight: 300; margin: 15pt 0cm 7.5pt; background-image: initial; background-position: initial; background-size: initial; background-repeat: initial; background-attachment: initial; background-origin: initial; background-clip: initial; text-align: justify; line-height: normal;\"><span style=\"font-size: 16px; color: #00ff00;\"><span style=\"font-weight: bold;\"><span lang=\"ES-CO\" style=\"font-size: 22.5pt; letter-spacing: 0.1pt;\">\u00bfQui\u00e9nes pueden elegir y ser elegidos como representante de la Asociaci\u00f3n de usuario ante la Junta Directiva?<\/span><\/span><\/span><\/p><p class=\"MsoNormal\" style=\"font-size: 16px; font-style: normal; font-weight: 300; margin-bottom: 7.5pt; background-image: initial; background-position: initial; background-size: initial; background-repeat: initial; background-attachment: initial; background-origin: initial; background-clip: initial; text-align: justify; line-height: normal;\"><span lang=\"ES-CO\" style=\"font-size: 11.5pt; color: #333333; letter-spacing: 0.1pt;\">\u201c\u2026 como representante de los usuarios ante la Junta\u00a0Directiva de una Empresa Social del Estado, debe ser\u00a0designada una persona vinculada a la alianza o asociaci\u00f3n\u00a0de usuarios de la ESE respectiva\u201d.<\/span><\/p><p class=\"MsoNormal\" style=\"font-size: 16px; font-style: normal; font-weight: 300; margin: 15pt 0cm 7.5pt; background-image: initial; background-position: initial; background-size: initial; background-repeat: initial; background-attachment: initial; background-origin: initial; background-clip: initial; text-align: justify; line-height: normal;\"><span style=\"font-size: 16px; color: #00ff00;\"><span style=\"font-weight: bold;\"><span lang=\"ES-CO\" style=\"font-size: 22.5pt; letter-spacing: 0.1pt;\">\u00bfQui\u00e9nes pueden participar en la (s) asociaci\u00f3n de usuarios de las EPS?<\/span><\/span><\/span><\/p><p class=\"MsoNormal\" style=\"font-size: 16px; font-style: normal; font-weight: 300; margin-bottom: 7.5pt; background-image: initial; background-position: initial; background-size: initial; background-repeat: initial; background-attachment: initial; background-origin: initial; background-clip: initial; text-align: justify; line-height: normal;\"><span lang=\"ES-CO\" style=\"font-size: 11.5pt; color: #333333; letter-spacing: 0.1pt;\">En la Asociaci\u00f3n de usuarios de una EPS del R\u00e9gimen\u00a0Contributivo s\u00f3lo pueden participar los afiliados a \u00e9sta.\u00a0Igual pasar\u00eda en las EPS de Salud del R\u00e9gimen\u00a0Subsidiado en sus alianzas s\u00f3lo podr\u00edan participar los\u00a0afiliados a las EPS.<\/span><\/p><p class=\"MsoNormal\" style=\"font-size: 16px; font-style: normal; font-weight: 300; margin: 15pt 0cm 7.5pt; background-image: initial; background-position: initial; background-size: initial; background-repeat: initial; background-attachment: initial; background-origin: initial; background-clip: initial; text-align: justify; line-height: normal;\"><span style=\"font-size: 16px; color: #00ff00;\"><span style=\"font-weight: bold;\"><span lang=\"ES-CO\" style=\"font-size: 22.5pt; letter-spacing: 0.1pt;\">\u00bfQui\u00e9nes pueden participar en las asociaciones de usuarios de una ESE?<\/span><\/span><\/span><\/p><p class=\"MsoNormal\" style=\"font-size: 16px; font-style: normal; font-weight: 300; margin-bottom: 7.5pt; background-image: initial; background-position: initial; background-size: initial; background-repeat: initial; background-attachment: initial; background-origin: initial; background-clip: initial; text-align: justify; line-height: normal;\"><span lang=\"ES-CO\" style=\"font-size: 11.5pt; color: #333333; letter-spacing: 0.1pt;\">En cuanto a una Empresa Social del Estado o una IPS\u00a0privada podr\u00edan participar todos sus usuarios, sean\u00a0\u00e9stos del R\u00e9gimen Contributivo, del R\u00e9gimen\u00a0Subsidiado, o pobres no asegurados, incluidos de\u00a0reg\u00edmenes especiales o de excepcionales, que\u00a0demanden servicios de salud.<\/span><\/p><p class=\"MsoNormal\" style=\"font-size: 16px; font-style: normal; font-weight: 300; margin: 15pt 0cm 7.5pt; background-image: initial; background-position: initial; background-size: initial; background-repeat: initial; background-attachment: initial; background-origin: initial; background-clip: initial; text-align: justify; line-height: normal;\"><span style=\"font-size: 16px; color: #00ff00;\"><span style=\"font-weight: bold;\"><span lang=\"ES-CO\" style=\"font-size: 22.5pt; letter-spacing: 0.1pt;\">\u00bfSe puede constituir organizaciones de usuarios del orden departamental o nacional?<\/span><\/span><\/span><\/p><p class=\"MsoNormal\" style=\"font-size: 16px; font-style: normal; font-weight: 300; margin-bottom: 7.5pt; background-image: initial; background-position: initial; background-size: initial; background-repeat: initial; background-attachment: initial; background-origin: initial; background-clip: initial; text-align: justify; line-height: normal;\"><span lang=\"ES-CO\" style=\"font-size: 11.5pt; color: #333333; letter-spacing: 0.1pt;\">Si, en cada Departamento del pa\u00eds podr\u00e1 existir una\u00a0Asociaci\u00f3n, Liga o Alianza por cada Entidad Administradora\u00a0de Planes de Beneficios y Prestadora de servicios de Salud,\u00a0donde \u00e9sta tenga presencia. Representantes de ellas\u00a0conformar\u00e1n la Asociaci\u00f3n, Liga o Alianza del orden<br \/>nacional.<\/span><\/p><p class=\"MsoNormal\" style=\"font-size: 16px; font-style: normal; font-weight: 300; margin: 15pt 0cm 7.5pt; background-image: initial; background-position: initial; background-size: initial; background-repeat: initial; background-attachment: initial; background-origin: initial; background-clip: initial; text-align: justify; line-height: normal;\"><span style=\"font-size: 16px; color: #00ff00;\"><span style=\"font-weight: bold;\"><span lang=\"ES-CO\" style=\"font-size: 22.5pt; letter-spacing: 0.1pt;\">\u00bfSe puede revocar una Asamblea por la poca participaci\u00f3n de los integrantes de la Asociaci\u00f3n de usuarios?<\/span><\/span><\/span><\/p><p class=\"MsoNormal\" style=\"font-size: 16px; font-style: normal; font-weight: 300; margin-bottom: 7.5pt; background-image: initial; background-position: initial; background-size: initial; background-repeat: initial; background-attachment: initial; background-origin: initial; background-clip: initial; text-align: justify; line-height: normal;\"><span lang=\"ES-CO\" style=\"font-size: 11.5pt; color: #333333; letter-spacing: 0.1pt;\">No, tampoco la norma contempla la posibilidad expresa de\u00a0que se revoque un proceso de convocatoria aduciendo poca\u00a0participaci\u00f3n de los usuarios, en este \u00faltimo caso, le\u00a0corresponder\u00e1 a la jurisdicci\u00f3n contenciosa el determinar o\u00a0no la validez de la decisi\u00f3n adoptada en el sentido de\u00a0revocar la convocatoria aduciendo la poca validez de los\u00a0usuarios\u201d.<\/span><\/p><p class=\"MsoNormal\" style=\"font-size: 16px; font-style: normal; font-weight: 300; margin: 15pt 0cm 7.5pt; background-image: initial; background-position: initial; background-size: initial; background-repeat: initial; background-attachment: initial; background-origin: initial; background-clip: initial; text-align: justify; line-height: normal;\"><span style=\"font-size: 16px; color: #00ff00;\"><span style=\"font-weight: bold;\"><span lang=\"ES-CO\" style=\"font-size: 22.5pt; letter-spacing: 0.1pt;\">\u00bfSolo pueden participar los fundadores y los registrados en el Libro de inscripci\u00f3n?<\/span><\/span><\/span><\/p><p class=\"MsoNormal\" style=\"font-size: 16px; font-style: normal; font-weight: 300; margin-bottom: 7.5pt; background-image: initial; background-position: initial; background-size: initial; background-repeat: initial; background-attachment: initial; background-origin: initial; background-clip: initial; text-align: justify; line-height: normal;\"><span lang=\"ES-CO\" style=\"font-size: 11.5pt; color: #333333; letter-spacing: 0.1pt;\">Para intervenir en la Asamblea si, solo los mencionados,\u00a0pero la Asociaci\u00f3n de usuarios debe garantizar el ingreso permanente\u00a0de los usuarios a esta organizaci\u00f3n de base, mediante la\u00a0promoci\u00f3n permanente a su afiliaci\u00f3n empleando diversas\u00a0estrategias en coordinaci\u00f3n con el \u00e1rea social de la Empresa Social del Estado-ESE.<\/span><\/p><p class=\"MsoNormal\" style=\"font-size: 16px; font-style: normal; font-weight: 300; margin: 15pt 0cm 7.5pt; background-image: initial; background-position: initial; background-size: initial; background-repeat: initial; background-attachment: initial; background-origin: initial; background-clip: initial; text-align: justify; line-height: normal;\"><span style=\"font-size: 16px; color: #00ff00;\"><span style=\"font-weight: bold;\"><span lang=\"ES-CO\" style=\"font-size: 22.5pt; letter-spacing: 0.1pt;\">\u00bfY el rol en este proceso de la Gerencia de la ESE?<\/span><\/span><\/span><\/p><p class=\"MsoNormal\" style=\"font-size: 16px; font-style: normal; font-weight: 300; margin-bottom: 7.5pt; background-image: initial; background-position: initial; background-size: initial; background-repeat: initial; background-attachment: initial; background-origin: initial; background-clip: initial; text-align: justify; line-height: normal;\"><span lang=\"ES-CO\" style=\"font-size: 11.5pt; color: #333333; letter-spacing: 0.1pt;\">Es importante tener en cuenta que la convocatoria a la\u00a0asamblea de elecci\u00f3n que realice la Secretar\u00eda Local\u00a0de Salud, ser\u00e1 coordinada entre la Asociaci\u00f3n de\u00a0Usuarios y el gerente de la ESE o su delegado, por\u00a0mutuos intereses y apoyo log\u00edstico si se requiere.<\/span><\/p><p class=\"MsoNormal\" style=\"font-size: 16px; font-style: normal; font-weight: 300; margin: 15pt 0cm 7.5pt; background-image: initial; background-position: initial; background-size: initial; background-repeat: initial; background-attachment: initial; background-origin: initial; background-clip: initial; text-align: justify; line-height: normal;\"><span style=\"font-size: 16px; color: #00ff00;\"><span style=\"font-weight: bold;\"><span lang=\"ES-CO\" style=\"font-size: 22.5pt; letter-spacing: 0.1pt;\">\u00bfY los representantes y dignatarios de la Asociaci\u00f3n de usuario tambi\u00e9n son para periodos indefinidos?<\/span><\/span><\/span><\/p><p class=\"MsoNormal\" style=\"font-size: 16px; font-style: normal; font-weight: 300; margin-bottom: 7.5pt; background-image: initial; background-position: initial; background-size: initial; background-repeat: initial; background-attachment: initial; background-origin: initial; background-clip: initial; text-align: justify; line-height: normal;\"><span lang=\"ES-CO\" style=\"font-size: 11.5pt; color: #333333; letter-spacing: 0.1pt;\">No, tanto los dignatarios, como los representantes o\u00a0delegados tienen periodos fijos, los primeros por estatutos y\u00a0los \u00faltimos por normas que rigen la participaci\u00f3n social en\u00a0salud<\/span><span lang=\"ES-CO\" style=\"font-size: 11.5pt; font-family: Arial, sans-serif; color: #333333; letter-spacing: 0.1pt;\">.<\/span><\/p>\t\t\t\t\t<\/div>\n\t\t\t\t\t\t<\/div>\n\t\t\t\t<\/div>\n\t\t\t\t\t\t<\/div>\n\t\t\t\t\t<\/div>\n\t\t<\/div>\n\t\t\t\t\t\t\t\t<\/div>\n\t\t\t\t\t<\/div>\n\t\t<\/section>\n\t\t\t\t\t\t\t\t\t<\/div>\n\t\t\t<\/div>\n\t\t\t\t\t<\/div>\n\t\t","protected":false},"excerpt":{"rendered":"<p>1. \u00bfQu\u00e9 es una Asociaci\u00f3n de Usuarios? Son un n\u00famero plural de personas afiliadas tanto al\u00a0r\u00e9gimen Contributivo, Subsidiado y de la poblaci\u00f3n pobre y\u00a0vulnerable (vinculada), que tienen derecho a recibir servicios\u00a0que promuevan su salud y a utilizar los servicios de salud\u00a0de acuerdo a su sistema de afiliaci\u00f3n y los demanden, ellos\u00a0velaran fundamentalmente por la calidad &hellip;<\/p>\n<p class=\"read-more\"> <a class=\"\" href=\"https:\/\/somedyt.com\/index.php\/2021\/04\/12\/preguntas-frecuentes\/\"> <span class=\"screen-reader-text\">Preguntas frecuentes<\/span> Leer m\u00e1s &raquo;<\/a><\/p>\n","protected":false},"author":1,"featured_media":0,"comment_status":"open","ping_status":"open","sticky":false,"template":"","format":"standard","meta":{"site-sidebar-layout":"default","site-content-layout":"default","ast-global-header-display":"","ast-main-header-display":"","ast-hfb-above-header-display":"","ast-hfb-below-header-display":"","ast-hfb-mobile-header-display":"","site-post-title":"","ast-breadcrumbs-content":"","ast-featured-img":"","footer-sml-layout":"","theme-transparent-header-meta":"default","adv-header-id-meta":"","stick-header-meta":"","header-above-stick-meta":"","header-main-stick-meta":"","header-below-stick-meta":"","footnotes":""},"categories":[1],"tags":[],"_links":{"self":[{"href":"https:\/\/somedyt.com\/index.php\/wp-json\/wp\/v2\/posts\/1240"}],"collection":[{"href":"https:\/\/somedyt.com\/index.php\/wp-json\/wp\/v2\/posts"}],"about":[{"href":"https:\/\/somedyt.com\/index.php\/wp-json\/wp\/v2\/types\/post"}],"author":[{"embeddable":true,"href":"https:\/\/somedyt.com\/index.php\/wp-json\/wp\/v2\/users\/1"}],"replies":[{"embeddable":true,"href":"https:\/\/somedyt.com\/index.php\/wp-json\/wp\/v2\/comments?post=1240"}],"version-history":[{"count":4,"href":"https:\/\/somedyt.com\/index.php\/wp-json\/wp\/v2\/posts\/1240\/revisions"}],"predecessor-version":[{"id":1631,"href":"https:\/\/somedyt.com\/index.php\/wp-json\/wp\/v2\/posts\/1240\/revisions\/1631"}],"wp:attachment":[{"href":"https:\/\/somedyt.com\/index.php\/wp-json\/wp\/v2\/media?parent=1240"}],"wp:term":[{"taxonomy":"category","embeddable":true,"href":"https:\/\/somedyt.com\/index.php\/wp-json\/wp\/v2\/categories?post=1240"},{"taxonomy":"post_tag","embeddable":true,"href":"https:\/\/somedyt.com\/index.php\/wp-json\/wp\/v2\/tags?post=1240"}],"curies":[{"name":"wp","href":"https:\/\/api.w.org\/{rel}","templated":true}]}}